{"id":6042,"date":"2024-01-11T15:31:10","date_gmt":"2024-01-11T12:31:10","guid":{"rendered":"https:\/\/www.alaybeyi.com.tr\/blog\/?p=6042"},"modified":"2025-12-09T15:48:53","modified_gmt":"2025-12-09T12:48:53","slug":"portakalli-anne-kurabiyesi","status":"publish","type":"post","link":"https:\/\/www.alaybeyi.com.tr\/blog\/portakalli-anne-kurabiyesi\/","title":{"rendered":"Hafif Lezzetli Portakall\u0131 Anne Kurabiyesi Tarifi"},"content":{"rendered":"\n<p>Hafif ve lezzetli <strong>portakall\u0131 anne kurabiyesi<\/strong> <strong>tarifi <\/strong>i\u00e7in blog yaz\u0131m\u0131za ho\u015f geldiniz! Sizleri enfes bir tat yolculu\u011funa \u00e7\u0131karacak tarifimiz, her an\u0131n\u0131za tat katacak. Evinizde kolayl\u0131kla haz\u0131rlayabilece\u011finiz bu e\u015fsiz tarif, mis gibi kokusuyla evinizi saracak ve kalbinizi \u0131s\u0131tacak. \u00c7aylar\u0131n\u0131z\u0131n yan\u0131nda vazge\u00e7ilmez olan bu kurabiye, damakta b\u0131rakt\u0131\u011f\u0131 tat sayesinde olduk\u00e7a tercih edilmektedir. Haz\u0131rsan\u0131z ad\u0131m ad\u0131m tarifimize ge\u00e7elim.<\/p>\n\n\n\n<h2 class=\"wp-block-heading\" id=\"portakalli-anne-kurabiyesi-tarifi\">Portakall\u0131 Anne Kurabiyesi Tarifi<\/h2>\n\n\n\n<p><strong>Malzemeler;<\/strong><\/p>\n\n\n\n<ul class=\"wp-block-list\">\n<li>4,5 su barda\u011f\u0131 <a href=\"https:\/\/alaybeyionline.com\/tam-bugday-unu-p-239\" target=\"_blank\" rel=\"noopener\">un<\/a><\/li>\n\n\n\n<li>2 adet yumurta<\/li>\n\n\n\n<li>1 paket kabartma tozu<\/li>\n\n\n\n<li>1 \u00e7ay barda\u011f\u0131 yo\u011furt<\/li>\n\n\n\n<li>1 paket vanilya<\/li>\n\n\n\n<li>1 \u00e7ay barda\u011f\u0131 s\u0131v\u0131 ya\u011f<\/li>\n\n\n\n<li>1 su barda\u011f\u0131 toz \u015feker<\/li>\n\n\n\n<li>1 adet portakal kabu\u011fu rendesi<\/li>\n<\/ul>\n\n\n\n<h3 class=\"wp-block-heading\" id=\"portakalli-anne-kurabiyesi-yapimi\">Portakall\u0131 Anne Kurabiyesi Yap\u0131m\u0131<\/h3>\n\n\n\n<ol class=\"wp-block-list\">\n<li>S\u0131v\u0131 ya\u011f, toz \u015feker, yo\u011furt, yumurta ve portakal rendesini bir kab\u0131n i\u00e7ine koyarak kar\u0131\u015ft\u0131r\u0131n.<\/li>\n\n\n\n<li>Daha sonra vanilya, un ve kabartma tozunu ilave edin. Hamur, kulak memesi k\u0131vam\u0131na gelinceye kadar kar\u0131\u015ft\u0131rma i\u015flemine devam edilir.<\/li>\n\n\n\n<li>Unu kontroll\u00fc olarak azar azar ekleyin. Hamurunuz sert olmamas\u0131 gerekir.<\/li>\n\n\n\n<li>Hamurdan ceviz b\u00fcy\u00fckl\u00fc\u011f\u00fcnde par\u00e7alar al\u0131narak yuvarlan\u0131r. Yuvarlam\u0131\u015f oldu\u011funuz hamurlara yumurta sar\u0131s\u0131 s\u00fcr\u00fclerek \u015fekere bat\u0131r\u0131l\u0131r.<\/li>\n\n\n\n<li>\u0130\u015flemler ger\u00e7ekle\u015ftikten sonra tepsinizin \u00fczerine ya\u011fl\u0131 k\u00e2\u011f\u0131t serilir.<\/li>\n\n\n\n<li>\u00d6nceden 180 derecede \u0131s\u0131tm\u0131\u015f oldu\u011funuz f\u0131r\u0131n\u0131n\u0131z\u0131n i\u00e7erisine tepsinizi g\u00f6nderebilirsiniz. Pi\u015firme i\u015flemi yakla\u015f\u0131k olarak 20 dakika s\u00fcrecektir.<\/li>\n<\/ol>\n\n\n\n<figure class=\"wp-block-image size-full is-resized\"><img loading=\"lazy\" decoding=\"async\" width=\"907\" height=\"574\" src=\"https:\/\/www.alaybeyi.com.tr\/blog\/wp-content\/uploads\/2024\/01\/portakalli-anne-kurabiyesi.jpg\" alt=\"portakall\u0131 anne kurabiyesi\" class=\"wp-image-6633\" style=\"width:352px;height:auto\" srcset=\"https:\/\/www.alaybeyi.com.tr\/blog\/wp-content\/uploads\/2024\/01\/portakalli-anne-kurabiyesi.jpg 907w, https:\/\/www.alaybeyi.com.tr\/blog\/wp-content\/uploads\/2024\/01\/portakalli-anne-kurabiyesi-300x190.jpg 300w, https:\/\/www.alaybeyi.com.tr\/blog\/wp-content\/uploads\/2024\/01\/portakalli-anne-kurabiyesi-768x486.jpg 768w, https:\/\/www.alaybeyi.com.tr\/blog\/wp-content\/uploads\/2024\/01\/portakalli-anne-kurabiyesi-580x367.jpg 580w, https:\/\/www.alaybeyi.com.tr\/blog\/wp-content\/uploads\/2024\/01\/portakalli-anne-kurabiyesi-860x544.jpg 860w\" sizes=\"auto, (max-width: 907px) 100vw, 907px\" \/><\/figure>\n\n\n\n<h3 class=\"wp-block-heading\" id=\"portakalli-anne-kurabiyesinin-puf-noktalari\">Portakall\u0131 Anne Kurabiyesinin P\u00fcf Noktalar\u0131<\/h3>\n\n\n\n<ul class=\"wp-block-list\">\n<li>Haz\u0131rlayaca\u011f\u0131n\u0131z hamura yava\u015f yava\u015f un ilave etmelisiniz. Elde edilen hamur ele yap\u0131\u015fmayacak bir \u015fekilde k\u0131vama gelmesi gerekmektedir.<\/li>\n\n\n\n<li>Portakal kabu\u011fu rendesi yerine ceviz kuru \u00fcz\u00fcm veya limon rendesi ekleyebilirsiniz.<\/li>\n\n\n\n<li>Kurabiyelerinizi \u00f6nceden \u0131s\u0131tm\u0131\u015f oldu\u011funuz f\u0131r\u0131n\u0131n\u0131zda pi\u015firirseniz kurabiyelerin yay\u0131lmalar\u0131n\u0131n \u00f6n\u00fcne ge\u00e7mi\u015f olacaks\u0131n\u0131z.<\/li>\n\n\n\n<li>Kurabiyenizin i\u00e7i yumu\u015fac\u0131k, d\u0131\u015f\u0131 \u00e7\u0131t\u0131r olmas\u0131n\u0131 istiyorsan\u0131z karbonat kullanmal\u0131s\u0131n\u0131z.<\/li>\n\n\n\n<li>Kurabiyenizi toz \u015fekerle yapabilece\u011finiz gibi pudra \u015fekeri ile de yapman\u0131z m\u00fcmk\u00fcn.<\/li>\n<\/ul>\n\n\n\n<h4 class=\"wp-block-heading\" id=\"portakalli-anne-kurabiyesinin-besin-degeri\">Portakall\u0131 Anne Kurabiyesinin Besin De\u011feri<\/h4>\n\n\n\n<p>1 porsiyon <strong>portakall\u0131 anne kurabiyesinde<\/strong>;<\/p>\n\n\n\n<ul class=\"wp-block-list\">\n<li>118 Kcal<\/li>\n\n\n\n<li>21.5 gram Karbonhidrat<\/li>\n\n\n\n<li>0.73 gram Protein<\/li>\n\n\n\n<li>3.25 gram Ya\u011f<\/li>\n\n\n\n<li>0.25 gram Lif<\/li>\n\n\n\n<li>13.3 mg Kalsiyum<\/li>\n\n\n\n<li>0.59 mg C Vitamini<\/li>\n\n\n\n<li>0.08 Demir i\u00e7ermektedir.<\/li>\n<\/ul>\n\n\n\n<p>Alaybeyi Un fark\u0131yla t\u00fcm tariflerimize <a href=\"https:\/\/www.alaybeyi.com.tr\/\">buradan<\/a> kolayca ula\u015fabilirsiniz.<\/p>\n","protected":false},"excerpt":{"rendered":"<p>Hafif ve lezzetli portakall\u0131 anne kurabiyesi tarifi i\u00e7in blog yaz\u0131m\u0131za ho\u015f geldiniz! Sizleri enfes bir tat yolculu\u011funa \u00e7\u0131karacak tarifimiz, her an\u0131n\u0131za tat katacak. Evinizde kolayl\u0131kla haz\u0131rlayabilece\u011finiz bu e\u015fsiz tarif, mis gibi kokusuyla evinizi saracak ve kalbinizi \u0131s\u0131tacak. \u00c7aylar\u0131n\u0131z\u0131n yan\u0131nda vazge\u00e7ilmez olan bu kurabiye, damakta b\u0131rakt\u0131\u011f\u0131 tat sayesinde olduk\u00e7a tercih edilmektedir. Haz\u0131rsan\u0131z ad\u0131m ad\u0131m tarifimize ge\u00e7elim&#8230;.<\/p>\n","protected":false},"author":1,"featured_media":6044,"comment_status":"closed","ping_status":"closed","sticky":false,"template":"","format":"standard","meta":{"rank_math_lock_modified_date":false,"footnotes":""},"categories":[1],"tags":[],"class_list":["post-6042","post","type-post","status-publish","format-standard","has-post-thumbnail","hentry","category-tarifler"],"_links":{"self":[{"href":"https:\/\/www.alaybeyi.com.tr\/blog\/wp-json\/wp\/v2\/posts\/6042","targetHints":{"allow":["GET"]}}],"collection":[{"href":"https:\/\/www.alaybeyi.com.tr\/blog\/wp-json\/wp\/v2\/posts"}],"about":[{"href":"https:\/\/www.alaybeyi.com.tr\/blog\/wp-json\/wp\/v2\/types\/post"}],"author":[{"embeddable":true,"href":"https:\/\/www.alaybeyi.com.tr\/blog\/wp-json\/wp\/v2\/users\/1"}],"replies":[{"embeddable":true,"href":"https:\/\/www.alaybeyi.com.tr\/blog\/wp-json\/wp\/v2\/comments?post=6042"}],"version-history":[{"count":10,"href":"https:\/\/www.alaybeyi.com.tr\/blog\/wp-json\/wp\/v2\/posts\/6042\/revisions"}],"predecessor-version":[{"id":49297,"href":"https:\/\/www.alaybeyi.com.tr\/blog\/wp-json\/wp\/v2\/posts\/6042\/revisions\/49297"}],"wp:featuredmedia":[{"embeddable":true,"href":"https:\/\/www.alaybeyi.com.tr\/blog\/wp-json\/wp\/v2\/media\/6044"}],"wp:attachment":[{"href":"https:\/\/www.alaybeyi.com.tr\/blog\/wp-json\/wp\/v2\/media?parent=6042"}],"wp:term":[{"taxonomy":"category","embeddable":true,"href":"https:\/\/www.alaybeyi.com.tr\/blog\/wp-json\/wp\/v2\/categories?post=6042"},{"taxonomy":"post_tag","embeddable":true,"href":"https:\/\/www.alaybeyi.com.tr\/blog\/wp-json\/wp\/v2\/tags?post=6042"}],"curies":[{"name":"wp","href":"https:\/\/api.w.org\/{rel}","templated":true}]}}