{"id":48655,"date":"2025-11-12T12:13:19","date_gmt":"2025-11-12T09:13:19","guid":{"rendered":"https:\/\/www.alaybeyi.com.tr\/blog\/?p=48655"},"modified":"2025-11-12T12:13:22","modified_gmt":"2025-11-12T09:13:22","slug":"yalanci-keskul-tarifi","status":"publish","type":"post","link":"https:\/\/www.alaybeyi.com.tr\/blog\/yalanci-keskul-tarifi\/","title":{"rendered":"Yalanc\u0131 Ke\u015fk\u00fcl Tarifi"},"content":{"rendered":"\n<p>Bug\u00fcn, yalanc\u0131 ke\u015fk\u00fcl tarifimiz ile kar\u015f\u0131n\u0131zday\u0131z. Geleneksel ke\u015fk\u00fcl, Osmanl\u0131 mutfa\u011f\u0131n\u0131n s\u00fctl\u00fc muhallebi gelene\u011finden beslenen; badem esansl\u0131, ince ve zarif bir tatl\u0131d\u0131r. <strong>Yalanc\u0131 ke\u015fk\u00fcl<\/strong> ise bu miras\u0131 ev mutfa\u011f\u0131nda daha kolay eri\u015filebilir ve pratik malzemelerle ya\u015fatmay\u0131 ama\u00e7lar. Taze s\u00fct, bir miktar ni\u015fasta veya un, tatland\u0131rmak i\u00e7in \u015feker ve badem ya da vanilya aromas\u0131yla elde edilen bu daha sadele\u015ftirilmi\u015f versiyon, uzun s\u00fcre kaynatma veya karma\u015f\u0131k i\u015flem gerektirmeden ke\u015fk\u00fcl\u00fcn yumu\u015fak k\u0131vam\u0131n\u0131 ve narin lezzetini an\u0131msat\u0131r. Hem k\u0131vam hem de aroma dengesi g\u00f6zetilmi\u015f, so\u011fuk servis ve \u015f\u0131k sunum \u00f6nerileriyle desteklenmi\u015f, ad\u0131m ad\u0131m takip edebilece\u011finiz bir tarif sunaca\u011f\u0131z. Mutfakta size e\u015flik edecek k\u00fc\u00e7\u00fck p\u00fcf noktalar\u0131n\u0131 da \u00f6zenle payla\u015faca\u011f\u0131z.<\/p>\n\n\n\n<h2 class=\"wp-block-heading\">Ke\u015fk\u00fcl Nedir ve Tarih\u00e7esi<\/h2>\n\n\n\n<p>Geleneksel ke\u015fk\u00fcl, badem ve s\u00fct\u00fcn ustaca harmanland\u0131\u011f\u0131, uzun kaynatmalar ve \u00f6zenli i\u015flemler gerektiren bir tatl\u0131d\u0131r. Osmanl\u0131 saray mutfa\u011f\u0131nda \u00f6zel g\u00fcnlerin ve davetlerin zarif sunumlar\u0131ndan biri olarak bilinir. Zaman i\u00e7inde, bu tatl\u0131y\u0131 ev mutfa\u011f\u0131nda da denemek isteyenler i\u00e7in daha eri\u015filebilir ve h\u0131zl\u0131 bir versiyon geli\u015ftirilmi\u015f, i\u015fte o versiyon <strong>\u201cyalanc\u0131 ke\u015fk\u00fcl\u201d<\/strong> olarak an\u0131lmaya ba\u015flanm\u0131\u015ft\u0131r. Temel amac\u0131, badem aromas\u0131 ve s\u00fctl\u00fc muhallebi dokusunu korurken, malzemeleri ve haz\u0131rl\u0131k s\u00fcresini sadele\u015ftirmek olmu\u015ftur. <\/p>\n\n\n\n<p><strong>Yalanc\u0131 ke\u015fk\u00fcl,<\/strong> pratikli\u011fi sayesinde 20. y\u00fczy\u0131l\u0131n ortalar\u0131ndan itibaren evlerde s\u0131k\u00e7a yap\u0131l\u0131r h\u00e2le gelmi\u015f, \u00f6zellikle s\u0131cak yaz g\u00fcnlerinde so\u011fuk servis edilebilen hafif bir tatl\u0131 olarak tercih edilmi\u015ftir. Bug\u00fcn, yalanc\u0131 ke\u015fk\u00fcl hem nostaljik bir damak tad\u0131n\u0131 ya\u015fatmakta hem de ev sofralar\u0131n\u0131n zarif bir dokunu\u015fu olarak sunulmaktad\u0131r. Ge\u00e7mi\u015fin geleneksel tatl\u0131 miras\u0131n\u0131 modern mutfaklara ta\u015f\u0131rken, basitli\u011fiyle her mutfakta kolayca haz\u0131rlanabilmesi, onun en de\u011ferli \u00f6zelliklerinden biridir. Tarih\u00e7esinden de bahsetti\u011fimize g\u00f6re <strong>yalanc\u0131 ke\u015fk\u00fcl tarifimiz<\/strong> i\u00e7in malzemelerimizi s\u0131ralayal\u0131m!<\/p>\n\n\n\n<figure class=\"wp-block-image size-full is-resized\"><img loading=\"lazy\" decoding=\"async\" width=\"1024\" height=\"614\" src=\"https:\/\/www.alaybeyi.com.tr\/blog\/wp-content\/uploads\/2025\/11\/yalanci-keskul-tarifi-2.webp\" alt=\"yalanc\u0131 ke\u015fk\u00fcl tarifi\" class=\"wp-image-48661\" style=\"width:543px;height:auto\" srcset=\"https:\/\/www.alaybeyi.com.tr\/blog\/wp-content\/uploads\/2025\/11\/yalanci-keskul-tarifi-2.webp 1024w, https:\/\/www.alaybeyi.com.tr\/blog\/wp-content\/uploads\/2025\/11\/yalanci-keskul-tarifi-2-300x180.webp 300w, https:\/\/www.alaybeyi.com.tr\/blog\/wp-content\/uploads\/2025\/11\/yalanci-keskul-tarifi-2-768x461.webp 768w, https:\/\/www.alaybeyi.com.tr\/blog\/wp-content\/uploads\/2025\/11\/yalanci-keskul-tarifi-2-580x348.webp 580w, https:\/\/www.alaybeyi.com.tr\/blog\/wp-content\/uploads\/2025\/11\/yalanci-keskul-tarifi-2-860x516.webp 860w\" sizes=\"auto, (max-width: 1024px) 100vw, 1024px\" \/><figcaption class=\"wp-element-caption\"><strong>Yalanc\u0131 Ke\u015fk\u00fcl Tarifi<\/strong><\/figcaption><\/figure>\n\n\n\n<h2 class=\"wp-block-heading\">Yalanc\u0131 Ke\u015fk\u00fcl i\u00e7in Malzemeler<\/h2>\n\n\n\n<p><strong>Yalanc\u0131 ke\u015fk\u00fcl tarifimiz i\u00e7in gerekli malzemeler:<\/strong><\/p>\n\n\n\n<ul class=\"wp-block-list\">\n<li>1 litre taze s\u00fct<\/li>\n\n\n\n<li>100 g toz \u015feker (yakla\u015f\u0131k yar\u0131m su barda\u011f\u0131)<\/li>\n\n\n\n<li>4 yemek ka\u015f\u0131\u011f\u0131 m\u0131s\u0131r ni\u015fastas\u0131 (tepeleme de\u011fil)<\/li>\n\n\n\n<li>1 \u00e7ay ka\u015f\u0131\u011f\u0131 badem esans\u0131<\/li>\n\n\n\n<li>1 \u00e7ay ka\u015f\u0131\u011f\u0131 vanilin (iste\u011fe ba\u011fl\u0131, aroma dengesi i\u00e7in \u00f6nerilir)<\/li>\n\n\n\n<li>Bir tutam tuz<\/li>\n\n\n\n<li>\u00dczeri i\u00e7in: 2 yemek ka\u015f\u0131\u011f\u0131 ince \u00e7ekilmi\u015f badem veya d\u00f6v\u00fclm\u00fc\u015f Antep f\u0131st\u0131\u011f\u0131 ve 2 yemek ka\u015f\u0131\u011f\u0131 rendelenmi\u015f hindistancevizi<\/li>\n<\/ul>\n\n\n\n<h2 class=\"wp-block-heading\">Yalanc\u0131 Ke\u015fk\u00fcl Tarifi ve Yap\u0131m\u0131<\/h2>\n\n\n\n<p><strong>Yalanc\u0131 ke\u015fk\u00fcl tarifimize<\/strong> ba\u015flarken s\u00fct\u00fc orta ate\u015fte bir tencereye al\u0131n ve hafif\u00e7e \u0131s\u0131t\u0131n. Ayr\u0131 bir kapta m\u0131s\u0131r ni\u015fastas\u0131n\u0131 ve toz \u015fekeri birka\u00e7 yemek ka\u015f\u0131\u011f\u0131 so\u011fuk s\u00fct ile p\u00fcr\u00fczs\u00fcz bir k\u0131vam elde edecek \u015fekilde haz\u0131rlay\u0131n\u0131z. S\u00fct \u00e7ok kuvvetli kaynamaya ula\u015fmadan \u00f6nce ni\u015fasta &#8211; \u015feker kar\u0131\u015f\u0131m\u0131n\u0131 s\u00fcrekli kar\u0131\u015ft\u0131rarak tencereye yava\u015f\u00e7a ilave edin. Topaklanmay\u0131 \u00f6nlemek i\u00e7in tahta ka\u015f\u0131k veya \u00e7\u0131rp\u0131c\u0131 ile s\u00fcrekli hareket halinde olunuz. <\/p>\n\n\n\n<p>Kar\u0131\u015f\u0131m koyula\u015f\u0131p parlak bir muhallebi k\u0131vam\u0131na eri\u015fti\u011finde oca\u011f\u0131 k\u0131s\u0131n ve bir tutam tuzu, badem esans\u0131n\u0131 ile isterseniz vanilini ekleyip yakla\u015f\u0131k bir dakika daha kar\u0131\u015ft\u0131r\u0131n. Bu sayede aromalar dengeli bi\u00e7imde b\u00fct\u00fcnle\u015fecektir. Haz\u0131rlad\u0131\u011f\u0131n\u0131z ke\u015fk\u00fcl\u00fc porsiyon kaselere veya tek bir servis kab\u0131na payla\u015ft\u0131rabilirsiniz. Y\u00fczeyini nazik\u00e7e d\u00fczledikten sonra \u00f6nceden haz\u0131rlad\u0131\u011f\u0131n\u0131z ince \u00e7ekilmi\u015f badem veya d\u00f6v\u00fclm\u00fc\u015f Antep f\u0131st\u0131\u011f\u0131 ile rendelenmi\u015f hindistancevizini serpi\u015ftirerek hem aroma hem de g\u00f6rsellik katabilirsiniz. Oda s\u0131cakl\u0131\u011f\u0131na geldikten sonra so\u011fuk servis etmek isterseniz buzdolab\u0131na alabilirsiniz. Servis esnas\u0131nda s\u00fcslemeyi tazeleyerek takdim de edebilirsiniz.<\/p>\n\n\n\n<h3 class=\"wp-block-heading\">Yalanc\u0131 Ke\u015fk\u00fcl Yaparken Dikkat Edilmesi Gereken P\u00fcf Noktalar<\/h3>\n\n\n\n<p>\u00d6ncelikle, s\u00fct\u00fcn \u0131s\u0131s\u0131 \u00e7ok \u00f6nemlidir; s\u00fct kaynamadan \u00f6nce ni\u015fasta kar\u0131\u015f\u0131m\u0131n\u0131 eklemeniz, tatl\u0131n\u0131n kesilmeden ve p\u00fcr\u00fczs\u00fcz bir dokuda pi\u015fmesini sa\u011flar. Ni\u015fastay\u0131 do\u011frudan s\u0131cak s\u00fcte eklerseniz topaklanma ka\u00e7\u0131n\u0131lmaz olur. Bu nedenle mutlaka \u00f6nceden bir miktar so\u011fuk s\u00fctle a\u00e7man\u0131z gerekir. Kar\u0131\u015ft\u0131rma i\u015flemini sab\u0131rla, \u00f6zellikle tatl\u0131 koyula\u015fmaya ba\u015flad\u0131\u011f\u0131nda s\u00fcrd\u00fcrmelisiniz. Bu, hem dibe tutmay\u0131 \u00f6nler hem de k\u0131vam\u0131n e\u015fit da\u011f\u0131lmas\u0131n\u0131 sa\u011flar. Badem esans\u0131 g\u00fc\u00e7l\u00fc bir aromaya sahip oldu\u011fundan \u00f6l\u00e7\u00fcs\u00fcn\u00fc a\u015fmaman\u0131z \u00f6nemlidir. Fazla kullan\u0131ld\u0131\u011f\u0131nda tatl\u0131da ho\u015f olmayan bir keskinlik hissedilebilir. Ayr\u0131ca ke\u015fk\u00fcl\u00fcn\u00fcz\u00fc ocaktan ald\u0131ktan sonra kaselere aktar\u0131rken y\u00fczeyde kabuk olu\u015fmamas\u0131 i\u00e7in bekletmeden payla\u015ft\u0131rman\u0131z tavsiye edilir. So\u011futma a\u015famas\u0131nda ise tatl\u0131n\u0131z\u0131 mutlaka oda s\u0131cakl\u0131\u011f\u0131nda dinlendirdikten sonra buzdolab\u0131na kald\u0131r\u0131n. Ani \u0131s\u0131 fark\u0131 k\u0131vam\u0131n yap\u0131s\u0131n\u0131 bozabilir.<\/p>\n\n\n\n<p><strong>Yalanc\u0131 ke\u015fk\u00fcl tarifimizin<\/strong> sonuna geldik. T\u00fcm tariflerimize <a href=\"https:\/\/www.alaybeyi.com.tr\/blog\/\">buraya<\/a> t\u0131klayarak kolayca ula\u015fabilirsiniz.<\/p>\n\n\n\n<p><strong>Kaynak: <\/strong><a href=\"https:\/\/en.wikipedia.org\/wiki\/Ke%C5%9Fk%C3%BCl\" target=\"_blank\" rel=\"noopener\">https:\/\/en.wikipedia.org\/wiki\/Ke%C5%9Fk%C3%BCl<\/a><\/p>\n","protected":false},"excerpt":{"rendered":"<p>Bug\u00fcn, yalanc\u0131 ke\u015fk\u00fcl tarifimiz ile kar\u015f\u0131n\u0131zday\u0131z. Geleneksel ke\u015fk\u00fcl, Osmanl\u0131 mutfa\u011f\u0131n\u0131n s\u00fctl\u00fc muhallebi gelene\u011finden beslenen; badem esansl\u0131, ince ve zarif bir tatl\u0131d\u0131r. Yalanc\u0131 ke\u015fk\u00fcl ise bu miras\u0131 ev mutfa\u011f\u0131nda daha kolay eri\u015filebilir ve pratik malzemelerle ya\u015fatmay\u0131 ama\u00e7lar. Taze s\u00fct, bir miktar ni\u015fasta veya un, tatland\u0131rmak i\u00e7in \u015feker ve badem ya da vanilya aromas\u0131yla elde edilen bu&#8230;<\/p>\n","protected":false},"author":1,"featured_media":48660,"comment_status":"closed","ping_status":"closed","sticky":false,"template":"","format":"standard","meta":{"rank_math_lock_modified_date":false,"footnotes":""},"categories":[1],"tags":[],"class_list":["post-48655","post","type-post","status-publish","format-standard","has-post-thumbnail","hentry","category-tarifler"],"_links":{"self":[{"href":"https:\/\/www.alaybeyi.com.tr\/blog\/wp-json\/wp\/v2\/posts\/48655","targetHints":{"allow":["GET"]}}],"collection":[{"href":"https:\/\/www.alaybeyi.com.tr\/blog\/wp-json\/wp\/v2\/posts"}],"about":[{"href":"https:\/\/www.alaybeyi.com.tr\/blog\/wp-json\/wp\/v2\/types\/post"}],"author":[{"embeddable":true,"href":"https:\/\/www.alaybeyi.com.tr\/blog\/wp-json\/wp\/v2\/users\/1"}],"replies":[{"embeddable":true,"href":"https:\/\/www.alaybeyi.com.tr\/blog\/wp-json\/wp\/v2\/comments?post=48655"}],"version-history":[{"count":5,"href":"https:\/\/www.alaybeyi.com.tr\/blog\/wp-json\/wp\/v2\/posts\/48655\/revisions"}],"predecessor-version":[{"id":48662,"href":"https:\/\/www.alaybeyi.com.tr\/blog\/wp-json\/wp\/v2\/posts\/48655\/revisions\/48662"}],"wp:featuredmedia":[{"embeddable":true,"href":"https:\/\/www.alaybeyi.com.tr\/blog\/wp-json\/wp\/v2\/media\/48660"}],"wp:attachment":[{"href":"https:\/\/www.alaybeyi.com.tr\/blog\/wp-json\/wp\/v2\/media?parent=48655"}],"wp:term":[{"taxonomy":"category","embeddable":true,"href":"https:\/\/www.alaybeyi.com.tr\/blog\/wp-json\/wp\/v2\/categories?post=48655"},{"taxonomy":"post_tag","embeddable":true,"href":"https:\/\/www.alaybeyi.com.tr\/blog\/wp-json\/wp\/v2\/tags?post=48655"}],"curies":[{"name":"wp","href":"https:\/\/api.w.org\/{rel}","templated":true}]}}