{"id":47831,"date":"2025-09-10T15:29:11","date_gmt":"2025-09-10T12:29:11","guid":{"rendered":"https:\/\/www.alaybeyi.com.tr\/blog\/?p=47831"},"modified":"2025-09-10T15:29:15","modified_gmt":"2025-09-10T12:29:15","slug":"kis-tatlisi-tarifleri","status":"publish","type":"post","link":"https:\/\/www.alaybeyi.com.tr\/blog\/kis-tatlisi-tarifleri\/","title":{"rendered":"\u0130\u00e7inizi Is\u0131tacak K\u0131\u015f Tatl\u0131s\u0131 Tarifleri"},"content":{"rendered":"\n<p>Yaz aylar\u0131n\u0131n bunalt\u0131c\u0131 s\u0131caklar\u0131n\u0131 geride b\u0131rak\u0131rken, k\u0131\u015f\u0131n so\u011fuk g\u00fcnlerinde i\u00e7inizi \u0131s\u0131tacak <strong>k\u0131\u015f tatl\u0131s\u0131 tariflerimiz<\/strong> tam da arad\u0131\u011f\u0131n\u0131z \u015fey. <strong>K\u0131\u015f tatl\u0131s\u0131 tarifleri<\/strong>, hem pratik hem de lezzetli olu\u015flar\u0131yla sizi s\u0131cac\u0131k bir atmosfere davet ediyor. \u015eimdi, so\u011fuk havalar\u0131n keyfini \u00e7\u0131kar\u0131rken yapabilece\u011finiz en lezzetli tatl\u0131lar\u0131 ke\u015ffetmeye ne dersiniz?<\/p>\n\n\n\n<p>K\u0131\u015f\u0131n yo\u011fun ve bazen gri atmosferinde, tatl\u0131lar sadece damaklar\u0131 \u015fenlendirmekle kalmaz, ayn\u0131 zamanda evin havas\u0131n\u0131 da g\u00fczelle\u015ftirir. Siz de bu so\u011fuk g\u00fcnlere \u00f6zel, hem kolayca haz\u0131rlayabilece\u011finiz hem de her lokmada keyif alaca\u011f\u0131n\u0131z tatl\u0131larla k\u0131\u015fa merhaba demek istiyorsan\u0131z, size ilham verecek bir dizi lezzetli \u00f6neriyle kar\u015f\u0131n\u0131zday\u0131z.<\/p>\n\n\n\n<h2 class=\"wp-block-heading\">Leziz K\u0131\u015f Tatl\u0131s\u0131 Tarifleri<\/h2>\n\n\n\n<p>Birbirinden farkl\u0131 ve lezzetli <strong>k\u0131\u015f tatl\u0131s\u0131 tariflerini<\/strong> s\u0131ralayaca\u011f\u0131m\u0131z ba\u015fl\u0131\u011f\u0131m\u0131za ho\u015f geldiniz!<\/p>\n\n\n\n<ul class=\"wp-block-list\">\n<li><strong>S\u0131cak \u00c7ikolatal\u0131 F\u0131nd\u0131kl\u0131 Kek<\/strong><\/li>\n<\/ul>\n\n\n\n<p>\u00c7ikolata ve f\u0131nd\u0131k bir araya gelince, k\u0131\u015f i\u00e7in m\u00fckemmel bir uyum olu\u015fturur. F\u0131nd\u0131k, kekin i\u00e7ine hem \u00e7\u0131t\u0131rl\u0131k hem de lezzet katar, \u00e7ikolata ise tatl\u0131y\u0131 yo\u011funla\u015ft\u0131r\u0131r. Kekin \u00fczerine s\u0131cak \u00e7ikolata sosu ekleyerek tatl\u0131y\u0131 iki kat daha lezzetli hale getirebilirsiniz. Yan\u0131nda bir top dondurma veya \u00e7\u0131rp\u0131lm\u0131\u015f krema servis edebilirsiniz.<\/p>\n\n\n\n<ul class=\"wp-block-list\">\n<li><strong>Portakal ve Zencefilli Kremal\u0131 Tart<\/strong><\/li>\n<\/ul>\n\n\n\n<p>Taze portakal\u0131n asidik lezzeti ve zencefilin s\u0131cak baharatl\u0131 dokusu bir tart hamurunda bulu\u015ftu\u011funda ortaya hem tatl\u0131 hem de ferahlat\u0131c\u0131 bir tat \u00e7\u0131kar. Portakal kabu\u011funun rendesiyle tart\u0131n \u00fczerine hafif bir aromatik dokunu\u015f ekleyebilir, kremal\u0131 i\u00e7 harc\u0131 daha yumu\u015fak hale getirebilirsiniz. Hem g\u00f6z hem de damak bayram\u0131 yapar!<\/p>\n\n\n\n<ul class=\"wp-block-list\">\n<li><strong>Kestaneli \u00c7ikolata Mousse<\/strong><\/li>\n<\/ul>\n\n\n\n<p>Kestane, k\u0131\u015f\u0131n en sevilen malzemelerinden biridir. \u00c7ikolata ile birle\u015fti\u011finde, hafif, kremsi ve yo\u011fun bir tatl\u0131 ortaya \u00e7\u0131kar. Kestane p\u00fcresi ve \u00e7ikolata, bir araya geldi\u011finde nefis bir k\u0131vam olu\u015fturur. Mousse\u2019un \u00fcst\u00fcne f\u0131nd\u0131k ya da ceviz serpip biraz da bal gezdirirseniz, hem lezzet hem de sunum a\u00e7\u0131s\u0131ndan harika bir tatl\u0131 olur.<\/p>\n\n\n\n<figure class=\"wp-block-image size-large is-resized\"><img loading=\"lazy\" decoding=\"async\" width=\"1024\" height=\"558\" src=\"https:\/\/www.alaybeyi.com.tr\/blog\/wp-content\/uploads\/2025\/09\/kis-tatlisi-tarifleri-1024x558.webp\" alt=\"k\u0131\u015f tatl\u0131s\u0131 tarifleri\" class=\"wp-image-47842\" style=\"width:539px;height:auto\" srcset=\"https:\/\/www.alaybeyi.com.tr\/blog\/wp-content\/uploads\/2025\/09\/kis-tatlisi-tarifleri-1024x558.webp 1024w, https:\/\/www.alaybeyi.com.tr\/blog\/wp-content\/uploads\/2025\/09\/kis-tatlisi-tarifleri-300x164.webp 300w, https:\/\/www.alaybeyi.com.tr\/blog\/wp-content\/uploads\/2025\/09\/kis-tatlisi-tarifleri-768x419.webp 768w, https:\/\/www.alaybeyi.com.tr\/blog\/wp-content\/uploads\/2025\/09\/kis-tatlisi-tarifleri-580x316.webp 580w, https:\/\/www.alaybeyi.com.tr\/blog\/wp-content\/uploads\/2025\/09\/kis-tatlisi-tarifleri-860x469.webp 860w, https:\/\/www.alaybeyi.com.tr\/blog\/wp-content\/uploads\/2025\/09\/kis-tatlisi-tarifleri-1160x633.webp 1160w, https:\/\/www.alaybeyi.com.tr\/blog\/wp-content\/uploads\/2025\/09\/kis-tatlisi-tarifleri.webp 1280w\" sizes=\"auto, (max-width: 1024px) 100vw, 1024px\" \/><\/figure>\n\n\n\n<ul class=\"wp-block-list\">\n<li><strong>Kaday\u0131f Sarma ve Kaymakl\u0131 \u015eerbet<\/strong><\/li>\n<\/ul>\n\n\n\n<p>Kaday\u0131f\u0131n i\u00e7inde kaymakl\u0131 bir dolgu ve \u00fczerine taze \u015ferbet bu tatl\u0131y\u0131 k\u0131\u015f i\u00e7in \u00f6zel k\u0131lar. Kaymak, kaday\u0131f\u0131n \u00e7\u0131t\u0131r dokusuyla birle\u015fti\u011finde yo\u011fun bir lezzet ortaya \u00e7\u0131kar. \u015eerbeti hafif \u0131l\u0131tarak tatl\u0131n\u0131n \u00fczerinde gezdirmek, tatl\u0131y\u0131 daha yumu\u015fak hale getirir. Taze ceviz veya f\u0131st\u0131kla s\u00fcsleyerek sunum yapabilirsiniz.<\/p>\n\n\n\n<ul class=\"wp-block-list\">\n<li><strong>Cevizli K\u0131\u015f R\u00fcyas\u0131<\/strong><\/li>\n<\/ul>\n\n\n\n<p>Ceviz, tar\u00e7\u0131n ve karanfil gibi k\u0131\u015f baharatlar\u0131n\u0131n harmanland\u0131\u011f\u0131 bir tatl\u0131. S\u0131cak bir \u015ferbetle tatland\u0131r\u0131lan bu tatl\u0131, ayn\u0131 zamanda cevizlerin k\u0131t\u0131rl\u0131\u011f\u0131n\u0131 da sunar. \u00dczerine krema veya dondurma eklemek, lezzeti katlar ve tatl\u0131y\u0131 daha zengin hale getirir. Hem doyurucu hem de m\u00fckemmel bir tatl\u0131 alternatifi!<\/p>\n\n\n\n<ul class=\"wp-block-list\">\n<li><strong>Elma ve Tar\u00e7\u0131nl\u0131 Kumpir<\/strong><\/li>\n<\/ul>\n\n\n\n<p>Elmalar, tar\u00e7\u0131n ve bal ile kar\u0131\u015ft\u0131r\u0131larak f\u0131r\u0131nlan\u0131r. F\u0131r\u0131na giren elmalar, tatl\u0131 bir \u015furupla kaplan\u0131r ve i\u00e7i olduk\u00e7a yumu\u015fak hale gelir. \u00dczerine biraz ceviz veya f\u0131nd\u0131k serpip s\u0131cak servis edebilirsiniz. Hem sa\u011fl\u0131kl\u0131 hem de so\u011fuk k\u0131\u015f g\u00fcnlerinde i\u00e7inizi \u0131s\u0131tacak bir tatl\u0131d\u0131r.<\/p>\n\n\n\n<ul class=\"wp-block-list\">\n<li><strong>Zeytinya\u011fl\u0131 \u00c7ikolatal\u0131 Kek<\/strong><\/li>\n<\/ul>\n\n\n\n<p>Klasik kek tarifini biraz daha \u00f6zg\u00fcn hale getirmek i\u00e7in zeytinya\u011f\u0131 kullanarak hem hafif hem de yo\u011fun bir tat elde edebilirsiniz. Zeytinya\u011f\u0131, kekin dokusunu yumu\u015fat\u0131rken, \u00e7ikolata sosu da kekin zenginli\u011fini art\u0131r\u0131r. \u00dczerine portakal kabu\u011fu rendesi ekleyerek tatl\u0131y\u0131 ferahlatabilirsiniz. So\u011fuyunca daha da lezzetli olur.<\/p>\n\n\n\n<ul class=\"wp-block-list\">\n<li><strong>Tar\u00e7\u0131nl\u0131 S\u00fctla\u00e7l\u0131 Tatl\u0131<\/strong><\/li>\n<\/ul>\n\n\n\n<p>Klasik s\u00fctla\u00e7 tarifine tar\u00e7\u0131n ekleyerek k\u0131\u015fa \u00f6zg\u00fc bir dokunu\u015f yapabilirsiniz. Tar\u00e7\u0131n, s\u00fctlac\u0131n kremams\u0131 dokusuyla birle\u015ferek tatl\u0131ya hem s\u0131cakl\u0131k hem de derinlik katacakt\u0131r. \u00dczerine biraz f\u0131nd\u0131k k\u0131r\u0131\u011f\u0131 veya ceviz serperek \u00e7\u0131t\u0131rl\u0131k ekleyebilirsiniz. K\u0131\u015f ak\u015famlar\u0131 i\u00e7in olduk\u00e7a pratik ve lezzetli bir se\u00e7enek.<\/p>\n\n\n\n<ul class=\"wp-block-list\">\n<li><strong>Kremal\u0131 Havu\u00e7 Tatl\u0131s\u0131<\/strong><\/li>\n<\/ul>\n\n\n\n<p>Havu\u00e7, k\u0131\u015f\u0131n en sa\u011fl\u0131kl\u0131 tatl\u0131 malzemelerinden biridir. Havu\u00e7lar\u0131 rendeledikten sonra, s\u00fct ve krema ile pi\u015firip \u00fczerine tar\u00e7\u0131n ve vanilya ekleyebilirsiniz. Tatl\u0131y\u0131 haz\u0131rlad\u0131ktan sonra \u00fczerine biraz ceviz veya f\u0131nd\u0131k serpip so\u011futun. Hem sa\u011fl\u0131kl\u0131 hem de olduk\u00e7a besleyici bir tatl\u0131 alternatifi.<\/p>\n\n\n\n<ul class=\"wp-block-list\">\n<li><strong>F\u0131r\u0131nlanm\u0131\u015f \u00c7ikolata Soslu \u00c7ilekler<\/strong><\/li>\n<\/ul>\n\n\n\n<p>\u00c7ilek, k\u0131\u015f meyvelerinin en sevilenlerinden biridir. \u00c7ilekleri f\u0131r\u0131nlayarak, \u00fczerine \u00e7ikolata sosu gezdirebilir ve s\u0131cak olarak servis edebilirsiniz. \u00c7ikolata, \u00e7ile\u011fin tatl\u0131l\u0131\u011f\u0131n\u0131 m\u00fckemmel \u015fekilde tamamlar. F\u0131r\u0131nlanan \u00e7ileklerin d\u0131\u015f\u0131 hafif karamelize olurken i\u00e7i yumu\u015fac\u0131k kal\u0131r, olduk\u00e7a zarif bir sunum sa\u011flar.<\/p>\n\n\n\n<h3 class=\"wp-block-heading\">K\u0131\u015f Tatl\u0131lar\u0131 ve Kalori De\u011ferlendirmesi<\/h3>\n\n\n\n<p><strong>K\u0131\u015f tatl\u0131s\u0131 tariflerini<\/strong> s\u0131ralad\u0131k, \u015fimdi ise kalori de\u011ferlendirmesine ge\u00e7elim. K\u0131\u015f aylar\u0131nda tatl\u0131lar, so\u011fuk havalar\u0131n etkisiyle daha yo\u011fun, kremal\u0131 ve s\u0131cak tercihler oluyor. Bu tatlar, v\u00fccuda \u0131s\u0131 sa\u011flar ve enerji verirken, i\u00e7erdi\u011fi malzemeler nedeniyle kalorisi de artabiliyor. \u00d6zellikle f\u0131r\u0131nlanan ya da \u015ferbetli tatl\u0131lar, kullan\u0131lan ya\u011f ve \u015feker oran\u0131 ile kaloriyi h\u0131zla y\u00fckseltebilir. Ancak, tatl\u0131lardan al\u0131nan kalorinin bir k\u0131sm\u0131, i\u00e7erdi\u011fi besin \u00f6\u011feleriyle denge sa\u011flanabilir. \u00d6rne\u011fin, ceviz, f\u0131nd\u0131k gibi sa\u011fl\u0131kl\u0131 ya\u011flar i\u00e7eren tatl\u0131lar, daha besleyici ve uzun s\u00fcre tok tutan se\u00e7enekler sunar. Di\u011fer yandan, fazla \u015feker ve a\u011f\u0131r kremalar tatl\u0131lar\u0131n kalorilerini art\u0131r\u0131rken, porsiyon kontrol\u00fc yaparak bu tatlar\u0131n keyfini sorunsuzca \u00e7\u0131karabilirsiniz. <strong>K\u0131\u015f tatl\u0131s\u0131 tarifleri<\/strong>, do\u011fru malzemelerle haz\u0131rland\u0131\u011f\u0131nda, tatlar\u0131 kadar sa\u011fl\u0131kl\u0131 da olabilir.<\/p>\n\n\n\n<p><a href=\"https:\/\/alaybeyionline.com\/\" target=\"_blank\" rel=\"noopener\">Alaybeyi Un<\/a> olarak, k\u0131\u015f tatl\u0131s\u0131 fikirleri i\u00e7eri\u011fimizin sonuna geldik. Birbirinden farkl\u0131 tariflerimize <a href=\"https:\/\/www.alaybeyi.com.tr\/blog\/\">buradan<\/a> ula\u015fabilirsiniz.<\/p>\n","protected":false},"excerpt":{"rendered":"<p>Yaz aylar\u0131n\u0131n bunalt\u0131c\u0131 s\u0131caklar\u0131n\u0131 geride b\u0131rak\u0131rken, k\u0131\u015f\u0131n so\u011fuk g\u00fcnlerinde i\u00e7inizi \u0131s\u0131tacak k\u0131\u015f tatl\u0131s\u0131 tariflerimiz tam da arad\u0131\u011f\u0131n\u0131z \u015fey. K\u0131\u015f tatl\u0131s\u0131 tarifleri, hem pratik hem de lezzetli olu\u015flar\u0131yla sizi s\u0131cac\u0131k bir atmosfere davet ediyor. \u015eimdi, so\u011fuk havalar\u0131n keyfini \u00e7\u0131kar\u0131rken yapabilece\u011finiz en lezzetli tatl\u0131lar\u0131 ke\u015ffetmeye ne dersiniz? K\u0131\u015f\u0131n yo\u011fun ve bazen gri atmosferinde, tatl\u0131lar sadece damaklar\u0131 \u015fenlendirmekle&#8230;<\/p>\n","protected":false},"author":1,"featured_media":47835,"comment_status":"closed","ping_status":"closed","sticky":false,"template":"","format":"standard","meta":{"rank_math_lock_modified_date":false,"footnotes":""},"categories":[1],"tags":[],"class_list":["post-47831","post","type-post","status-publish","format-standard","has-post-thumbnail","hentry","category-tarifler"],"_links":{"self":[{"href":"https:\/\/www.alaybeyi.com.tr\/blog\/wp-json\/wp\/v2\/posts\/47831","targetHints":{"allow":["GET"]}}],"collection":[{"href":"https:\/\/www.alaybeyi.com.tr\/blog\/wp-json\/wp\/v2\/posts"}],"about":[{"href":"https:\/\/www.alaybeyi.com.tr\/blog\/wp-json\/wp\/v2\/types\/post"}],"author":[{"embeddable":true,"href":"https:\/\/www.alaybeyi.com.tr\/blog\/wp-json\/wp\/v2\/users\/1"}],"replies":[{"embeddable":true,"href":"https:\/\/www.alaybeyi.com.tr\/blog\/wp-json\/wp\/v2\/comments?post=47831"}],"version-history":[{"count":11,"href":"https:\/\/www.alaybeyi.com.tr\/blog\/wp-json\/wp\/v2\/posts\/47831\/revisions"}],"predecessor-version":[{"id":47846,"href":"https:\/\/www.alaybeyi.com.tr\/blog\/wp-json\/wp\/v2\/posts\/47831\/revisions\/47846"}],"wp:featuredmedia":[{"embeddable":true,"href":"https:\/\/www.alaybeyi.com.tr\/blog\/wp-json\/wp\/v2\/media\/47835"}],"wp:attachment":[{"href":"https:\/\/www.alaybeyi.com.tr\/blog\/wp-json\/wp\/v2\/media?parent=47831"}],"wp:term":[{"taxonomy":"category","embeddable":true,"href":"https:\/\/www.alaybeyi.com.tr\/blog\/wp-json\/wp\/v2\/categories?post=47831"},{"taxonomy":"post_tag","embeddable":true,"href":"https:\/\/www.alaybeyi.com.tr\/blog\/wp-json\/wp\/v2\/tags?post=47831"}],"curies":[{"name":"wp","href":"https:\/\/api.w.org\/{rel}","templated":true}]}}