{"id":2501,"date":"2023-03-15T10:59:30","date_gmt":"2023-03-15T07:59:30","guid":{"rendered":"https:\/\/www.alaybeyi.com.tr\/blog\/?p=2501"},"modified":"2023-11-03T17:23:28","modified_gmt":"2023-11-03T14:23:28","slug":"francala-ekmek-nedir","status":"publish","type":"post","link":"https:\/\/www.alaybeyi.com.tr\/blog\/francala-ekmek-nedir\/","title":{"rendered":"Francala Ekmek Nedir?"},"content":{"rendered":"\n<p>Bu yaz\u0131da, Fransa&#8217;n\u0131n \u00f6zg\u00fcn ekmek t\u00fcrlerinden Francala ekmek hakk\u0131nda detayl\u0131 bilgi edineceksiniz. \u0130\u015fte <strong>francala nedir<\/strong> sorusunun cevab\u0131&#8230;<\/p>\n\n\n\n<p>Frans\u0131z mutfa\u011f\u0131na \u00f6zg\u00fc bir ekmek t\u00fcr\u00fcd\u00fcr ve tad\u0131 ve dokusu ile di\u011fer ekmeklerden farkl\u0131l\u0131k g\u00f6sterir. Bu yaz\u0131da, Francala ekmek nedir, tarih\u00e7esi, faydalar\u0131 ve zararlar\u0131 hakk\u0131nda bilgi edineceksiniz.<\/p>\n\n\n\n<p>Pyrenees Da\u011flar\u0131&#8217;n\u0131n eteklerinde ortaya \u00e7\u0131km\u0131\u015f ve daha sonra Fransa&#8217;n\u0131n di\u011fer b\u00f6lgelerine yay\u0131lm\u0131\u015ft\u0131r. Di\u011fer ekmek t\u00fcrlerine g\u00f6re daha d\u00fc\u015f\u00fck glisemik indekse sahip oldu\u011fu i\u00e7in kan \u015fekerinin daha yava\u015f y\u00fckselmesine ve d\u00fc\u015fmesine yard\u0131mc\u0131 olur, daha az kalori i\u00e7erir ve daha fazla besin sa\u011flar. Bununla birlikte, gluten intolerans\u0131 veya \u00e7\u00f6lyak hastal\u0131\u011f\u0131 olan ki\u015filerin t\u00fcketirken hassasiyet g\u00f6sterebilece\u011fi unutulmamal\u0131d\u0131r.<\/p>\n\n\n\n<p>Francala ekmek, Fransa&#8217;n\u0131n pek \u00e7ok b\u00f6lgesinde yayg\u0131n olarak t\u00fcketilmekte ve \u00e7e\u015fitli yemeklerle birlikte sunulmaktad\u0131r. E\u011fer siz de bu \u00f6zg\u00fcn ekmek t\u00fcr\u00fcn\u00fc denemek isterseniz, \u00fclkemizdeki Frans\u0131z restoranlar\u0131nda veya \u00f6zel ekmek f\u0131r\u0131nlar\u0131nda arayabilirsiniz.<\/p>\n\n\n\n<h2 class=\"wp-block-heading\">Francala Ekmek Nedir?<\/h2>\n\n\n\n<p>Francala ekmek, Frans\u0131z mutfa\u011f\u0131na \u00f6zg\u00fc bir ekmek t\u00fcr\u00fcd\u00fcr. Tad\u0131 ve dokusu ile di\u011fer ekmeklerden farkl\u0131l\u0131k g\u00f6sterir. Francala ekmek, di\u011fer ekmeklerden daha gevrek bir kabuk ve daha yumu\u015fak bir i\u00e7e sahiptir. Bu ekmek, Fransa&#8217;n\u0131n pek \u00e7ok b\u00f6lgesinde yayg\u0131n olarak t\u00fcketilir ve \u00e7e\u015fitli yemeklerle birlikte sunulur.<\/p>\n\n\n<div class=\"wp-block-image is-resized\">\n<figure class=\"aligncenter size-large\"><img loading=\"lazy\" decoding=\"async\" width=\"1024\" height=\"682\" src=\"https:\/\/www.alaybeyi.com.tr\/blog\/wp-content\/uploads\/2023\/03\/pexels-jeshoots-3564-1-1024x682.jpg\" alt=\"francala ekmek\" class=\"wp-image-2504\" srcset=\"https:\/\/www.alaybeyi.com.tr\/blog\/wp-content\/uploads\/2023\/03\/pexels-jeshoots-3564-1-1024x682.jpg 1024w, https:\/\/www.alaybeyi.com.tr\/blog\/wp-content\/uploads\/2023\/03\/pexels-jeshoots-3564-1-300x200.jpg 300w, https:\/\/www.alaybeyi.com.tr\/blog\/wp-content\/uploads\/2023\/03\/pexels-jeshoots-3564-1-768x512.jpg 768w, https:\/\/www.alaybeyi.com.tr\/blog\/wp-content\/uploads\/2023\/03\/pexels-jeshoots-3564-1-580x387.jpg 580w, https:\/\/www.alaybeyi.com.tr\/blog\/wp-content\/uploads\/2023\/03\/pexels-jeshoots-3564-1-860x573.jpg 860w, https:\/\/www.alaybeyi.com.tr\/blog\/wp-content\/uploads\/2023\/03\/pexels-jeshoots-3564-1-1160x773.jpg 1160w, https:\/\/www.alaybeyi.com.tr\/blog\/wp-content\/uploads\/2023\/03\/pexels-jeshoots-3564-1.jpg 1280w\" sizes=\"auto, (max-width: 1024px) 100vw, 1024px\" \/><figcaption class=\"wp-element-caption\">Francala Nedir?<\/figcaption><\/figure>\n<\/div>\n\n\n<h2 class=\"wp-block-heading\">Francala Ekmek Tarih\u00e7esi<\/h2>\n\n\n\n<p>Fransa&#8217;n\u0131n g\u00fcneybat\u0131s\u0131nda, Pyrenees Da\u011flar\u0131&#8217;n\u0131n eteklerinde ortaya \u00e7\u0131kt\u0131. Bu b\u00f6lgede, ekmek yap\u0131m\u0131nda kullan\u0131lan unun kalitesi ve f\u0131r\u0131nlama y\u00f6ntemleri, di\u011fer b\u00f6lgelere g\u00f6re daha iyiydi. B\u00f6lgedeki f\u0131r\u0131nlarda geleneksel olarak pi\u015firilirdi. Ancak, 20. y\u00fczy\u0131l\u0131n ba\u015flar\u0131nda, bu ekmek t\u00fcr\u00fc Fransa&#8217;n\u0131n di\u011fer b\u00f6lgelerine de yay\u0131ld\u0131 ve g\u00fcn\u00fcm\u00fczde Fransa&#8217;n\u0131n her yerinde t\u00fcketilmektedir.<\/p>\n\n\n\n<h2 class=\"wp-block-heading\">Francala Ekmek Faydalar\u0131<\/h2>\n\n\n\n<p>Di\u011fer ekmek t\u00fcrleriyle kar\u015f\u0131la\u015ft\u0131r\u0131ld\u0131\u011f\u0131nda \u00e7e\u015fitli faydalar sa\u011flar. \u0130\u015fte baz\u0131lar\u0131:<\/p>\n\n\n\n<ul class=\"wp-block-list\">\n<li>D\u00fc\u015f\u00fck glisemik indekse sahiptir<\/li>\n\n\n\n<li>Daha az kalori i\u00e7erir<\/li>\n\n\n\n<li>Y\u00fcksek besin de\u011ferlerine sahiptir<\/li>\n<\/ul>\n\n\n\n<h3 class=\"wp-block-heading\">Francala Ekmek Zararlar\u0131<\/h3>\n\n\n\n<p>Genel olarak sa\u011fl\u0131kl\u0131 bir ekmek se\u00e7ene\u011fidir. Ancak baz\u0131 insanlar, bu ekmek t\u00fcr\u00fcne kar\u015f\u0131 hassasiyet g\u00f6sterebilirler. \u00d6zellikle, gluten intolerans\u0131 veya \u00e7\u00f6lyak hastal\u0131\u011f\u0131 olan ki\u015filer, Francala ekmek gibi bu\u011fday bazl\u0131 g\u0131dalar\u0131 t\u00fcketirken sorun ya\u015fayabilirler. Ayr\u0131ca, baz\u0131 insanlar di\u011fer ekmek t\u00fcrlerine g\u00f6re daha sert bir kabuk ve daha yumu\u015fak bir i\u00e7e sahip oldu\u011fu i\u00e7in Francala&#8217;dan ho\u015flanmayabilirler. Bununla birlikte, genel olarak, sa\u011fl\u0131kl\u0131 bir se\u00e7enektir ve di\u011fer ekmek t\u00fcrlerine g\u00f6re \u00e7e\u015fitli faydalar\u0131 vard\u0131r.<\/p>\n\n\n\n<p>Sonu\u00e7 olarak, Frans\u0131z mutfa\u011f\u0131na \u00f6zg\u00fc bir ekmek t\u00fcr\u00fcd\u00fcr ve di\u011fer ekmeklerden farkl\u0131 bir tad\u0131 ve dokusu vard\u0131r. \u0130\u00e7eri\u011findeki lif, protein ve vitaminler sayesinde daha besleyici bir se\u00e7enektir ve di\u011fer ekmek t\u00fcrlerine g\u00f6re daha d\u00fc\u015f\u00fck glisemik indekse ve daha az kaloriye sahiptir. Ancak, gluten intolerans\u0131 veya \u00e7\u00f6lyak hastal\u0131\u011f\u0131 olan ki\u015filerin hassasiyet g\u00f6sterebilece\u011fi unutulmamal\u0131d\u0131r. Fransa&#8217;n\u0131n pek \u00e7ok b\u00f6lgesinde yayg\u0131n olarak t\u00fcketilmekte ve \u00e7e\u015fitli yemeklerle birlikte sunulmaktad\u0131r. E\u011fer siz de bu \u00f6zg\u00fcn ekmek t\u00fcr\u00fcn\u00fc denemek isterseniz, \u00fclkemizdeki Frans\u0131z restoranlar\u0131nda veya \u00f6zel ekmek f\u0131r\u0131nlar\u0131nda arayabilirsiniz.<\/p>\n\n\n\n<p>T\u00fcm blog yaz\u0131lar\u0131m\u0131za ula\u015fmak i\u00e7in hemen <a href=\"https:\/\/www.alaybeyi.com.tr\/blog\/\">t\u0131klay\u0131n<\/a>. <\/p>\n\n\n\n<p>Kaynak: <a href=\"https:\/\/tr.wikipedia.org\/wiki\/Francala\" target=\"_blank\" rel=\"noopener\">https:\/\/tr.wikipedia.org\/wiki\/Francala<\/a><\/p>\n","protected":false},"excerpt":{"rendered":"<p>Bu yaz\u0131da, Fransa&#8217;n\u0131n \u00f6zg\u00fcn ekmek t\u00fcrlerinden Francala ekmek hakk\u0131nda detayl\u0131 bilgi edineceksiniz. \u0130\u015fte francala nedir sorusunun cevab\u0131&#8230; Frans\u0131z mutfa\u011f\u0131na \u00f6zg\u00fc bir ekmek t\u00fcr\u00fcd\u00fcr ve tad\u0131 ve dokusu ile di\u011fer ekmeklerden farkl\u0131l\u0131k g\u00f6sterir. Bu yaz\u0131da, Francala ekmek nedir, tarih\u00e7esi, faydalar\u0131 ve zararlar\u0131 hakk\u0131nda bilgi edineceksiniz. Pyrenees Da\u011flar\u0131&#8217;n\u0131n eteklerinde ortaya \u00e7\u0131km\u0131\u015f ve daha sonra Fransa&#8217;n\u0131n di\u011fer b\u00f6lgelerine&#8230;<\/p>\n","protected":false},"author":2,"featured_media":3050,"comment_status":"closed","ping_status":"closed","sticky":false,"template":"","format":"standard","meta":{"rank_math_lock_modified_date":false,"footnotes":""},"categories":[1],"tags":[],"class_list":["post-2501","post","type-post","status-publish","format-standard","has-post-thumbnail","hentry","category-tarifler"],"_links":{"self":[{"href":"https:\/\/www.alaybeyi.com.tr\/blog\/wp-json\/wp\/v2\/posts\/2501","targetHints":{"allow":["GET"]}}],"collection":[{"href":"https:\/\/www.alaybeyi.com.tr\/blog\/wp-json\/wp\/v2\/posts"}],"about":[{"href":"https:\/\/www.alaybeyi.com.tr\/blog\/wp-json\/wp\/v2\/types\/post"}],"author":[{"embeddable":true,"href":"https:\/\/www.alaybeyi.com.tr\/blog\/wp-json\/wp\/v2\/users\/2"}],"replies":[{"embeddable":true,"href":"https:\/\/www.alaybeyi.com.tr\/blog\/wp-json\/wp\/v2\/comments?post=2501"}],"version-history":[{"count":6,"href":"https:\/\/www.alaybeyi.com.tr\/blog\/wp-json\/wp\/v2\/posts\/2501\/revisions"}],"predecessor-version":[{"id":4237,"href":"https:\/\/www.alaybeyi.com.tr\/blog\/wp-json\/wp\/v2\/posts\/2501\/revisions\/4237"}],"wp:featuredmedia":[{"embeddable":true,"href":"https:\/\/www.alaybeyi.com.tr\/blog\/wp-json\/wp\/v2\/media\/3050"}],"wp:attachment":[{"href":"https:\/\/www.alaybeyi.com.tr\/blog\/wp-json\/wp\/v2\/media?parent=2501"}],"wp:term":[{"taxonomy":"category","embeddable":true,"href":"https:\/\/www.alaybeyi.com.tr\/blog\/wp-json\/wp\/v2\/categories?post=2501"},{"taxonomy":"post_tag","embeddable":true,"href":"https:\/\/www.alaybeyi.com.tr\/blog\/wp-json\/wp\/v2\/tags?post=2501"}],"curies":[{"name":"wp","href":"https:\/\/api.w.org\/{rel}","templated":true}]}}