{"id":22869,"date":"2024-06-05T15:06:44","date_gmt":"2024-06-05T12:06:44","guid":{"rendered":"https:\/\/www.alaybeyi.com.tr\/blog\/?p=22869"},"modified":"2024-06-05T15:16:29","modified_gmt":"2024-06-05T12:16:29","slug":"yaz-salatasi-tarifi","status":"publish","type":"post","link":"https:\/\/www.alaybeyi.com.tr\/blog\/yaz-salatasi-tarifi\/","title":{"rendered":"Serinletici Yaz Salatas\u0131 Tarifi"},"content":{"rendered":"\n<p>Bunalt\u0131c\u0131 s\u0131caklardan dolay\u0131 yaz aylar\u0131nda ya\u011fl\u0131 yemekleri t\u00fcketmek olduk\u00e7a zordur. Yaz\u0131n bunalt\u0131c\u0131 s\u0131caklar\u0131nda kalorisi d\u00fc\u015f\u00fck, hafif <strong>yaz salatas\u0131 tarifimiz<\/strong> ile kar\u015f\u0131n\u0131zday\u0131z. S\u0131caklardan dolay\u0131 ana yemekler yemek istemedi\u011finiz g\u00fcnlerde <strong>yaz salatas\u0131 tarifimiz<\/strong> kurtar\u0131c\u0131n\u0131z olacak. Pratik malzemeler ile k\u0131sa s\u00fcrede haz\u0131rlayaca\u011f\u0131n\u0131z kalorisi d\u00fc\u015f\u00fck tarifimize haz\u0131rsan\u0131z ge\u00e7elim!<\/p>\n\n\n\n<h2 class=\"wp-block-heading\">Yaz Salatas\u0131 Tarifi \u0130\u00e7in Gerekli Malzemeler<\/h2>\n\n\n\n<ul class=\"wp-block-list\">\n<li>Zeytinya\u011f\u0131<\/li>\n\n\n\n<li>Karabiber (alerjiniz varsa tarife dahil etmeyebilirsiniz)<\/li>\n\n\n\n<li>Tuz<\/li>\n\n\n\n<li>Kuru nane<\/li>\n\n\n\n<li>Maydanoz<\/li>\n\n\n\n<li>Dereotu<\/li>\n\n\n\n<li>2 \u00c7orba ka\u015f\u0131\u011f\u0131 so\u011fuk su<\/li>\n\n\n\n<li>Diledi\u011finiz miktarda beyaz peynir<\/li>\n\n\n\n<li>Tercihen ufalt\u0131lm\u0131\u015f ceviz i\u00e7i<\/li>\n\n\n\n<li>Yar\u0131m limon<\/li>\n\n\n\n<li>1 \u00c7ay barda\u011f\u0131 yo\u011furt<\/li>\n\n\n\n<li>1 K\u00fc\u00e7\u00fck turp<\/li>\n\n\n\n<li>3 Adet salatal\u0131k<\/li>\n\n\n\n<li>1 Adet domates<\/li>\n\n\n\n<li>Yar\u0131m g\u00f6bek salatal\u0131k marul<\/li>\n<\/ul>\n\n\n\n<figure class=\"wp-block-image size-large is-resized\"><img loading=\"lazy\" decoding=\"async\" width=\"1024\" height=\"682\" src=\"https:\/\/www.alaybeyi.com.tr\/blog\/wp-content\/uploads\/2024\/06\/yaz-salatasi-1-1024x682.jpg\" alt=\"\" class=\"wp-image-22874\" style=\"width:460px;height:auto\" srcset=\"https:\/\/www.alaybeyi.com.tr\/blog\/wp-content\/uploads\/2024\/06\/yaz-salatasi-1-1024x682.jpg 1024w, https:\/\/www.alaybeyi.com.tr\/blog\/wp-content\/uploads\/2024\/06\/yaz-salatasi-1-300x200.jpg 300w, https:\/\/www.alaybeyi.com.tr\/blog\/wp-content\/uploads\/2024\/06\/yaz-salatasi-1-768x512.jpg 768w, https:\/\/www.alaybeyi.com.tr\/blog\/wp-content\/uploads\/2024\/06\/yaz-salatasi-1-580x387.jpg 580w, https:\/\/www.alaybeyi.com.tr\/blog\/wp-content\/uploads\/2024\/06\/yaz-salatasi-1-860x573.jpg 860w, https:\/\/www.alaybeyi.com.tr\/blog\/wp-content\/uploads\/2024\/06\/yaz-salatasi-1-1160x773.jpg 1160w, https:\/\/www.alaybeyi.com.tr\/blog\/wp-content\/uploads\/2024\/06\/yaz-salatasi-1.jpg 1280w\" sizes=\"auto, (max-width: 1024px) 100vw, 1024px\" \/><\/figure>\n\n\n\n<h3 class=\"wp-block-heading\">Yaz Salatas\u0131 Yap\u0131m\u0131<\/h3>\n\n\n\n<p>Yar\u0131m limonun kabu\u011funu alt\u0131ndaki beyaz tabakaya ula\u015fana kadar rendeleyin. ve suyunu sos taba\u011f\u0131n\u0131z\u0131n i\u00e7ine s\u0131k\u0131n. Ard\u0131ndan ayn\u0131 taba\u011f\u0131n i\u00e7ine yo\u011furt, tuz, 2 ka\u015f\u0131k so\u011fuk su, karabiber, rendelenen limon kabu\u011fu ilave edin. Malzemeleri yava\u015f yava\u015f \u00e7\u0131rp\u0131p kar\u0131\u015ft\u0131r\u0131rken 2-3 \u00e7orba ka\u015f\u0131\u011f\u0131 zeytinya\u011f\u0131 ilave edip kar\u0131\u015ft\u0131rmaya devam edin. E\u015fit bir kar\u0131\u015f\u0131m elde etti\u011finizde kar\u0131\u015ft\u0131rmay\u0131 bitirebilirsiniz. Art\u0131k sosunuz haz\u0131r ve dinlenmesi i\u00e7in bir kenara b\u0131rakabilirsiniz. <\/p>\n\n\n\n<p>Do\u011frama tahtan\u0131za g\u00f6bek marulu ald\u0131ktan ince ince k\u0131yabilirsiniz. Domates ve salatal\u0131klar\u0131 k\u00fc\u00e7\u00fck k\u00fc\u00e7\u00fck do\u011frad\u0131ktan sonra turpu da rendeleyip sos kab\u0131n\u0131za ilave edebilirsiniz. Minik k\u00fcpler halinde do\u011frad\u0131\u011f\u0131n\u0131z beyaz peynirleri de kar\u0131\u015f\u0131m\u0131n\u0131za ilave edebilirsiniz. En son halinde ise ufalt\u0131lm\u0131\u015f ceviz i\u00e7ini ilave ettikten sonra iyice kar\u0131\u015ft\u0131r\u0131n. Kar\u0131\u015f\u0131m\u0131n ard\u0131ndan yar\u0131m saat buzdolab\u0131nda bekletirseniz daha so\u011fuk ve serinletici bir yaz salatas\u0131 elde etmi\u015f olacaks\u0131n\u0131z.<\/p>\n\n\n\n<p>Alaybeyi Un olarak birbirinden lezzetli ve farkl\u0131 tariflerimize ula\u015fmak i\u00e7in hemen<a href=\"https:\/\/www.alaybeyi.com.tr\/blog\/\"> t\u0131klay\u0131n<\/a>. Alaybeyi Un \u00e7e\u015fitlerimizi incelemek i\u00e7in <a href=\"https:\/\/alaybeyionline.com\/\" target=\"_blank\" rel=\"noopener\">web sitemizi<\/a> ziyaret edebilirsiniz.<\/p>\n","protected":false},"excerpt":{"rendered":"<p>Bunalt\u0131c\u0131 s\u0131caklardan dolay\u0131 yaz aylar\u0131nda ya\u011fl\u0131 yemekleri t\u00fcketmek olduk\u00e7a zordur. Yaz\u0131n bunalt\u0131c\u0131 s\u0131caklar\u0131nda kalorisi d\u00fc\u015f\u00fck, hafif yaz salatas\u0131 tarifimiz ile kar\u015f\u0131n\u0131zday\u0131z. S\u0131caklardan dolay\u0131 ana yemekler yemek istemedi\u011finiz g\u00fcnlerde yaz salatas\u0131 tarifimiz kurtar\u0131c\u0131n\u0131z olacak. Pratik malzemeler ile k\u0131sa s\u00fcrede haz\u0131rlayaca\u011f\u0131n\u0131z kalorisi d\u00fc\u015f\u00fck tarifimize haz\u0131rsan\u0131z ge\u00e7elim! Yaz Salatas\u0131 Tarifi \u0130\u00e7in Gerekli Malzemeler Yaz Salatas\u0131 Yap\u0131m\u0131 Yar\u0131m limonun&#8230;<\/p>\n","protected":false},"author":1,"featured_media":22873,"comment_status":"closed","ping_status":"closed","sticky":false,"template":"","format":"standard","meta":{"rank_math_lock_modified_date":false,"footnotes":""},"categories":[1],"tags":[],"class_list":["post-22869","post","type-post","status-publish","format-standard","has-post-thumbnail","hentry","category-tarifler"],"_links":{"self":[{"href":"https:\/\/www.alaybeyi.com.tr\/blog\/wp-json\/wp\/v2\/posts\/22869","targetHints":{"allow":["GET"]}}],"collection":[{"href":"https:\/\/www.alaybeyi.com.tr\/blog\/wp-json\/wp\/v2\/posts"}],"about":[{"href":"https:\/\/www.alaybeyi.com.tr\/blog\/wp-json\/wp\/v2\/types\/post"}],"author":[{"embeddable":true,"href":"https:\/\/www.alaybeyi.com.tr\/blog\/wp-json\/wp\/v2\/users\/1"}],"replies":[{"embeddable":true,"href":"https:\/\/www.alaybeyi.com.tr\/blog\/wp-json\/wp\/v2\/comments?post=22869"}],"version-history":[{"count":7,"href":"https:\/\/www.alaybeyi.com.tr\/blog\/wp-json\/wp\/v2\/posts\/22869\/revisions"}],"predecessor-version":[{"id":22882,"href":"https:\/\/www.alaybeyi.com.tr\/blog\/wp-json\/wp\/v2\/posts\/22869\/revisions\/22882"}],"wp:featuredmedia":[{"embeddable":true,"href":"https:\/\/www.alaybeyi.com.tr\/blog\/wp-json\/wp\/v2\/media\/22873"}],"wp:attachment":[{"href":"https:\/\/www.alaybeyi.com.tr\/blog\/wp-json\/wp\/v2\/media?parent=22869"}],"wp:term":[{"taxonomy":"category","embeddable":true,"href":"https:\/\/www.alaybeyi.com.tr\/blog\/wp-json\/wp\/v2\/categories?post=22869"},{"taxonomy":"post_tag","embeddable":true,"href":"https:\/\/www.alaybeyi.com.tr\/blog\/wp-json\/wp\/v2\/tags?post=22869"}],"curies":[{"name":"wp","href":"https:\/\/api.w.org\/{rel}","templated":true}]}}