{"id":2055,"date":"2022-12-16T11:03:46","date_gmt":"2022-12-16T08:03:46","guid":{"rendered":"https:\/\/www.alaybeyi.com.tr\/blog\/?p=2055"},"modified":"2023-11-15T10:08:37","modified_gmt":"2023-11-15T07:08:37","slug":"ay-coregi-tarifi","status":"publish","type":"post","link":"https:\/\/www.alaybeyi.com.tr\/blog\/ay-coregi-tarifi\/","title":{"rendered":"Ay \u00c7\u00f6re\u011fi Tarifi"},"content":{"rendered":"\n<p>Pastanelerde ve marketlerde sat\u0131lan hem leziz hem doyurucu olan ve nefis i\u00e7 harc\u0131 ile <strong>ay \u00e7\u00f6re\u011fi tarifi<\/strong> ile sizler de evinizde yapabilir, misafirlerinize sunabilirsiniz.<\/p>\n\n\n\n<p><strong>Ay \u00e7\u00f6re\u011fi tarihi<\/strong> asl\u0131nda kruvasana dayanmaktad\u0131r. <strong>Ay \u00e7\u00f6re\u011fi <\/strong>nas\u0131l \u00e7\u0131kt\u0131 derseniz Avusturya\u2019da ilk yap\u0131lan kruvasan ise ilgin\u00e7tir, ay \u00e7\u00f6re\u011fi 2. Viyana ku\u015fatmas\u0131 ile ili\u015fkilendirilir. 2. Viyana ku\u015fatmas\u0131n\u0131n Avusturya ve Polonya birliklerince engellenmesi \u00fczerine pastac\u0131lar taraf\u0131ndan zafere \u00f6zel yap\u0131ld\u0131\u011f\u0131 baz\u0131 tarih\u00e7ilerce \u00f6ne s\u00fcr\u00fclmekte ve desteklenmektedir. <\/p>\n\n\n\n<p>O tarihi g\u00fcnlere d\u00f6nemesek de o lezzeti alabilmek i\u00e7in gelin birlikte ay \u00e7\u00f6re\u011fi tarifini inceleyelim..<\/p>\n\n\n\n<h2 class=\"wp-block-heading\">Ay \u00c7\u00f6re\u011fi Tarifi ve Yap\u0131m\u0131 \u0130\u00e7in Malzemeler<\/h2>\n\n\n\n<ul class=\"wp-block-list\">\n<li>1 \u00e7ay barda\u011f\u0131 s\u0131v\u0131ya\u011f ( 100 ml)<\/li>\n\n\n\n<li>1 \u00e7ay barda\u011f\u0131 s\u00fct<\/li>\n\n\n\n<li>1 \u00e7ay barda\u011f\u0131 su<\/li>\n\n\n\n<li>1 paket kuru maya<\/li>\n\n\n\n<li>2 yemek ka\u015f\u0131\u011f\u0131 \u015feker<\/li>\n\n\n\n<li>1 yumurta beyaz\u0131 i\u00e7ine sar\u0131s\u0131 \u00fczerine kullan\u0131lacak<\/li>\n\n\n\n<li>100 gram margarin ya da tereya\u011f\u0131<\/li>\n\n\n\n<li>4 su barda\u011f\u0131 un (su barda\u011f\u0131 \u00f6l\u00e7\u00fcs\u00fc 200 ml)<\/li>\n<\/ul>\n\n\n\n<p>A\u00e7 \u00c7\u00f6re\u011finin i\u00e7 harc\u0131 i\u00e7in;<\/p>\n\n\n\n<ul class=\"wp-block-list\">\n<li>1 tatl\u0131 ka\u015f\u0131\u011f\u0131 tar\u00e7\u0131n<\/li>\n\n\n\n<li>1 su barda\u011f\u0131 kuru \u00fcz\u00fcm ve ceviz kar\u0131\u015f\u0131m\u0131<\/li>\n\n\n\n<li>1 paket kakaolu kek<\/li>\n\n\n\n<li>\u0130ste\u011fe ba\u011fl\u0131 1 yemek ka\u015f\u0131\u011f\u0131 pudra \u015fekeri<\/li>\n\n\n\n<li>\u00c7eyrek \u00e7ay barda\u011f\u0131 s\u00fct (50 ml)<\/li>\n<\/ul>\n\n\n\n<h2 class=\"wp-block-heading\">Ay \u00c7\u00f6re\u011fi Nas\u0131l Yap\u0131l\u0131r?<\/h2>\n\n\n\n<ol class=\"wp-block-list\">\n<li>100 gram tereya\u011f\u0131, 1 adet yumurtan\u0131n beyaz\u0131, 1 \u00e7ay barda\u011f\u0131 s\u00fct, 1 \u00e7ay barda\u011f\u0131 su ve 1 \u00e7ay barda\u011f\u0131 suyu kar\u0131\u015ft\u0131r\u0131n.<\/li>\n\n\n\n<li>2 yemek ka\u015f\u0131\u011f\u0131 \u015feker ve instant yani kuru maya ekleyin ve \u015fekerle mayay\u0131 s\u0131v\u0131larda eritin.<\/li>\n\n\n\n<li>4 su barda\u011f\u0131 unu azar azar, yo\u011furarak ekleyin. Ele yap\u0131\u015fmayan bir hamur elde edene kadar iyice kar\u0131\u015ft\u0131r\u0131n. \u00dcst\u00fc kapal\u0131 1 saat mayalanma i\u00e7in kenara b\u0131rak\u0131n.<\/li>\n\n\n\n<li>Hamur mayalan\u0131rken ay \u00e7\u00f6re\u011fi i\u00e7 harc\u0131 i\u00e7in kakaolu kek i\u00e7erisine 1 su barda\u011f\u0131 ceviz \u00fcz\u00fcm kar\u0131\u015f\u0131m\u0131, 1 tatl\u0131 ka\u015f\u0131\u011f\u0131 tar\u00e7\u0131n, ve \u00e7eyrek \u00e7ay barda\u011f\u0131 s\u00fct\u00fc ekleyip iyice yo\u011furun. Ceviz ve \u00fcz\u00fcm\u00fc rondoda \u00e7ekip eklerseniz daha g\u00fczel olur yerken aromas\u0131n\u0131 daha g\u00fczel hissettirir. \u0130ste\u011fe ba\u011fl\u0131 i\u00e7 harc\u0131n i\u00e7ine 1 yemek ka\u015f\u0131\u011f\u0131 pudra \u015fekeri ekleyebilirsiniz.<\/li>\n\n\n\n<li>Mayalanan hamuru \u00fczerini a\u00e7\u0131p son kez yo\u011furup havas\u0131n\u0131 al\u0131n ve ceviz b\u00fcy\u00fckl\u00fc\u011f\u00fcnde par\u00e7alar kopar\u0131p ince bir \u015fekilde uzunlamas\u0131na a\u00e7\u0131n. Puf puf bir hamur elde edeceksiniz ve kolayca a\u00e7\u0131l\u0131r.<\/li>\n\n\n\n<li>\u0130\u00e7 harc\u0131 elinizle silindir yap\u0131p bolca hamurun \u00fczerine koyun ve d\u0131\u015f hamuru bo\u015fluk kalmayacak \u015fekilde kapat\u0131p ortas\u0131ndan k\u0131v\u0131rarak ay hilal \u015fekli verin.<\/li>\n\n\n\n<li>T\u00fcm har\u00e7 ve hamur bitene kadar ayn\u0131 i\u015flemi uygulay\u0131n. Tarifimizden yakla\u015f\u0131k 15 adet ay \u00e7\u00f6re\u011fi \u00e7\u0131kmaktad\u0131r.<\/li>\n\n\n\n<li>Ay \u00e7\u00f6reklerini ya\u011fl\u0131 ka\u011f\u0131t serilmi\u015f f\u0131r\u0131n tepsisine dizip \u00fczerlerine yumurta sar\u0131s\u0131 s\u00fcr\u00fcn. Susam da ekleyebilirsiniz.<\/li>\n\n\n\n<li>\u00d6nceden \u0131s\u0131t\u0131lm\u0131\u015f f\u0131r\u0131na yerle\u015ftirin ve yakla\u015f\u0131k 20 yada 25 dakika 180 derecede \u00fczerleri k\u0131zarana kadar pi\u015firin.<\/li>\n\n\n\n<li>Ay \u00e7\u00f6rekleri haz\u0131r ve s\u0131cak yada so\u011fuk servis yapabilirsiniz.<\/li>\n<\/ol>\n\n\n<div class=\"wp-block-image\">\n<figure class=\"aligncenter size-full\"><img loading=\"lazy\" decoding=\"async\" width=\"1024\" height=\"768\" src=\"https:\/\/www.alaybeyi.com.tr\/blog\/wp-content\/uploads\/2022\/12\/image002.jpg\" alt=\"Ay \u00c7\u00f6re\u011fi Tarifi\" class=\"wp-image-2137\" srcset=\"https:\/\/www.alaybeyi.com.tr\/blog\/wp-content\/uploads\/2022\/12\/image002.jpg 1024w, https:\/\/www.alaybeyi.com.tr\/blog\/wp-content\/uploads\/2022\/12\/image002-300x225.jpg 300w, https:\/\/www.alaybeyi.com.tr\/blog\/wp-content\/uploads\/2022\/12\/image002-768x576.jpg 768w, https:\/\/www.alaybeyi.com.tr\/blog\/wp-content\/uploads\/2022\/12\/image002-580x435.jpg 580w, https:\/\/www.alaybeyi.com.tr\/blog\/wp-content\/uploads\/2022\/12\/image002-860x645.jpg 860w\" sizes=\"auto, (max-width: 1024px) 100vw, 1024px\" \/><figcaption class=\"wp-element-caption\">Ay \u00c7\u00f6re\u011fi Tarifi<\/figcaption><\/figure>\n<\/div>\n\n\n<h3 class=\"wp-block-heading\">Ay \u00c7\u00f6re\u011fi Yap\u0131m\u0131ndaki P\u00fcf Noktalar\u0131<\/h3>\n\n\n\n<p>Kuru maya kullanarak hem pratik hem de leziz bir tarif elde ettik. <strong>Mayal\u0131 Ay \u00c7\u00f6re\u011fi Tarifi<\/strong> pi\u015ftikten sonra k\u0131y\u0131r k\u0131y\u0131r olmaktad\u0131r.<\/p>\n\n\n\n<p><strong>Ay \u00e7\u00f6re\u011fi tarifi<\/strong> i\u00e7in i\u00e7 har\u00e7ta haz\u0131r paket kakaolu kek kulland\u0131k ancak e\u011fer elinizde bayatlam\u0131\u015f kek var ise de\u011ferlendirmek i\u00e7in ayn\u0131 miktarda evinizdeki bayatlam\u0131\u015f kekleri de kullanabilirsiniz. Yine denedi\u011finiz bir kek lezzetli olmad\u0131 ise bu keki i\u00e7 har\u00e7 olarak kullan\u0131p tarifimiz ile leziz bir ay \u00e7\u00f6re\u011fine d\u00f6n\u00fc\u015ft\u00fcrerek de\u011ferlendirebilirsiniz. Peki <strong>ay \u00e7\u00f6re\u011fi \u00fczerine ne konur?<\/strong><\/p>\n\n\n\n<h4 class=\"wp-block-heading\">Ay \u00c7\u00f6re\u011fi \u00dczerine Ne konur?<\/h4>\n\n\n\n<p>Ay \u00e7\u00f6re\u011fi tarifinde belirtildi\u011fi gibi ay \u00e7\u00f6re\u011finin \u00fczerine file badem olduk\u00e7a yak\u0131\u015fmakla birlikte susam, \u00e7\u00f6rek otu, k\u0131r\u0131lm\u0131\u015f ceviz yada toz \u015feker ile s\u00fcsleyebilirsiniz. Elinizde bu malzemeler yok ise sade olarak haz\u0131rlanabilir. Peki <strong>ay \u00e7\u00f6re\u011fi i\u00e7erisine ne konur?<\/strong><\/p>\n\n\n\n<h4 class=\"wp-block-heading\">Ay \u00c7\u00f6re\u011fi \u0130\u00e7erisine Ne Konur?<\/h4>\n\n\n\n<p>Tarifimizde ceviz ve kuru \u00fcz\u00fcm ile tar\u00e7\u0131n\u0131 kakaolu kek ile bulu\u015fturarak i\u00e7 har\u00e7 haz\u0131rlad\u0131k. Zaten ay \u00e7\u00f6re\u011fi olduk\u00e7a doyurucu bir pastane hamur i\u015fidir. Bu malzemeler yeterli olsa da damak zevkinize g\u00f6re f\u0131nd\u0131k, k\u0131r\u0131lm\u0131\u015f f\u0131st\u0131k hatta elma ekleyerekten tatland\u0131rabilirsiniz. E\u011fer ay \u00e7\u00f6re\u011fi i\u00e7 harc\u0131na elma ekleyecekseniz s\u00fct oran\u0131n\u0131 dikkatli ve yo\u011furduktan sonra ekleyerek yap\u0131n yoksa i\u00e7 har\u00e7 olduk\u00e7a s\u0131v\u0131 olur. Nefis Ay \u00e7\u00f6re\u011fi size ve sevdiklerinize afiyet olsun.<\/p>\n\n\n\n<p>En iyi ve g\u00fczel ay \u00e7\u00f6reklerini yapabilmek i\u00e7in alaybeyi un fabrikas\u0131nda \u00fcretilen \u00f6zel ama\u00e7l\u0131 bu\u011fday unlar\u0131ndan tercih edebilir ve daha ayr\u0131nt\u0131l\u0131 bilgi i\u00e7in <a href=\"https:\/\/www.alaybeyi.com.tr\/urun-pastam-5\">alaybeyi.com<\/a> sitemizi ziyaret edebilirsiniz<\/p>\n\n\n\n<h4 class=\"wp-block-heading\">Kaynak<\/h4>\n\n\n\n<p><a href=\"https:\/\/tr.wikipedia.org\/wiki\/Ay%C3%A7%C3%B6re%C4%9Fi\" rel=\"dofollow noopener\" target=\"_blank\">https:\/\/tr.wikipedia.org\/wiki\/Ay%C3%A7%C3%B6re%C4%9Fi<\/a><\/p>\n\n\n\n<script type=\"application\/ld+json\">\n{\n  \"@context\": \"https:\/\/schema.org\/\", \n  \"@type\": \"Recipe\", \n  \"name\": \"Ay \u00c7\u00f6re\u011fi Tarifi\",\n  \"image\": [\n    \"https:\/\/www.alaybeyi.com.tr\/blog\/wp-content\/uploads\/2022\/12\/ay-coregi-tarifi-1.webp\",\n    \"https:\/\/www.alaybeyi.com.tr\/blog\/wp-content\/uploads\/2022\/12\/ay-coregi-tarifi-2-1.webp\"\n  ],\n  \"description\": \"Pastanelerde ve marketlerde sat\u0131lan hem leziz hem doyurucu olan ve nefis i\u00e7 harc\u0131 ile ay \u00e7\u00f6re\u011fi tarifi ile sizler de evinizde yapabilir, misafirlerinize sunabilirsiniz.\",\n  \"keywords\": \"ay \u00e7\u00f6re\u011fi, ay \u00e7\u00f6re\u011fi tarifi, ay \u00e7\u00f6re\u011fi nas\u0131l yap\u0131l\u0131r\",\n  \"author\": {\n    \"@type\": \"Person\",\n    \"name\": \"Alaybeyi Un\"\n  },\n  \"datePublished\": \"2022-12-16\",\n  \"prepTime\": \"PT15M\",\n  \"cookTime\": \"PT25M\", \n  \"totalTime\": \"PT40M\", \n  \"recipeCategory\": \"appetizer\", \n  \"recipeCuisine\": \"Avusturya\", \n  \"recipeYield\": \"15\", \n  \"nutrition\": {\n    \"@type\": \"NutritionInformation\",\n    \"calories\": \"\"\n  },\n  \"recipeIngredient\": [\n    \"1 \u00e7ay barda\u011f\u0131 s\u0131v\u0131ya\u011f ( 100 ml)\",\n    \"1 \u00e7ay barda\u011f\u0131 s\u00fct\",\n    \"1 \u00e7ay barda\u011f\u0131 su\",\n    \"1 paket kuru maya\",\n    \"2 yemek ka\u015f\u0131\u011f\u0131 \u015feker\",\n    \"1 yumurta beyaz\u0131\",\n    \"100 gram margarin ya da tereya\u011f\u0131\",\n    \"4 su barda\u011f\u0131 un (su barda\u011f\u0131 \u00f6l\u00e7\u00fcs\u00fc 200 ml)\",\n    \"1 tatl\u0131 ka\u015f\u0131\u011f\u0131 tar\u00e7\u0131n\",\n    \"1 su barda\u011f\u0131 kuru \u00fcz\u00fcm ve ceviz kar\u0131\u015f\u0131m\u0131\",\n    \"1 paket kakaolu kek\",\n    \"\u0130ste\u011fe ba\u011fl\u0131 1 yemek ka\u015f\u0131\u011f\u0131 pudra \u015fekeri\",\n    \"\u00c7eyrek \u00e7ay barda\u011f\u0131 s\u00fct (50 ml)\"\n  ],\n  \"recipeInstructions\": [{\n    \"@type\": \"HowToStep\",\n    \"text\": \"100 gram tereya\u011f\u0131, 1 adet yumurtan\u0131n beyaz\u0131, 1 \u00e7ay barda\u011f\u0131 s\u00fct, 1 \u00e7ay barda\u011f\u0131 su ve 1 \u00e7ay barda\u011f\u0131 suyu kar\u0131\u015ft\u0131r\u0131n.\"\n  },{\n    \"@type\": \"HowToStep\",\n    \"text\": \"2 yemek ka\u015f\u0131\u011f\u0131 \u015feker ve instant yani kuru maya ekleyin ve \u015fekerle mayay\u0131 s\u0131v\u0131larda eritin.\"\n  },{\n    \"@type\": \"HowToStep\",\n    \"text\": \"4 su barda\u011f\u0131 unu azar azar, yo\u011furarak ekleyin. Ele yap\u0131\u015fmayan bir hamur elde edene kadar iyice kar\u0131\u015ft\u0131r\u0131n. \u00dcst\u00fc kapal\u0131 1 saat mayalanma i\u00e7in kenara b\u0131rak\u0131n.\"\n  },{\n    \"@type\": \"HowToStep\",\n    \"text\": \"Hamur mayalan\u0131rken ay \u00e7\u00f6re\u011fi i\u00e7 harc\u0131 i\u00e7in kakaolu kek i\u00e7erisine 1 su barda\u011f\u0131 ceviz \u00fcz\u00fcm kar\u0131\u015f\u0131m\u0131, 1 tatl\u0131 ka\u015f\u0131\u011f\u0131 tar\u00e7\u0131n, ve \u00e7eyrek \u00e7ay barda\u011f\u0131 s\u00fct\u00fc ekleyip iyice yo\u011furun. Ceviz ve \u00fcz\u00fcm\u00fc rondoda \u00e7ekip eklerseniz daha g\u00fczel olur yerken aromas\u0131n\u0131 daha g\u00fczel hissettirir. \u0130ste\u011fe ba\u011fl\u0131 i\u00e7 harc\u0131n i\u00e7ine 1 yemek ka\u015f\u0131\u011f\u0131 pudra \u015fekeri ekleyebilirsiniz.\"\n  },{\n    \"@type\": \"HowToStep\",\n    \"text\": \"Mayalanan hamuru \u00fczerini a\u00e7\u0131p son kez yo\u011furup havas\u0131n\u0131 al\u0131n ve ceviz b\u00fcy\u00fckl\u00fc\u011f\u00fcnde par\u00e7alar kopar\u0131p ince bir \u015fekilde uzunlamas\u0131na a\u00e7\u0131n. Puf puf bir hamur elde edeceksiniz ve kolayca a\u00e7\u0131l\u0131r.\"\n  },{\n    \"@type\": \"HowToStep\",\n    \"text\": \"\u0130\u00e7 harc\u0131 elinizle silindir yap\u0131p bolca hamurun \u00fczerine koyun ve d\u0131\u015f hamuru bo\u015fluk kalmayacak \u015fekilde kapat\u0131p ortas\u0131ndan k\u0131v\u0131rarak ay hilal \u015fekli verin.\"\n  },{\n    \"@type\": \"HowToStep\",\n    \"text\": \"T\u00fcm har\u00e7 ve hamur bitene kadar ayn\u0131 i\u015flemi uygulay\u0131n. Tarifimizden yakla\u015f\u0131k 15 adet ay \u00e7\u00f6re\u011fi \u00e7\u0131kmaktad\u0131r.\"\n  },{\n    \"@type\": \"HowToStep\",\n    \"text\": \"Ay \u00e7\u00f6reklerini ya\u011fl\u0131 ka\u011f\u0131t serilmi\u015f f\u0131r\u0131n tepsisine dizip \u00fczerlerine yumurta sar\u0131s\u0131 s\u00fcr\u00fcn. Susam da ekleyebilirsiniz.\"\n  },{\n    \"@type\": \"HowToStep\",\n    \"text\": \"\u00d6nceden \u0131s\u0131t\u0131lm\u0131\u015f f\u0131r\u0131na yerle\u015ftirin ve yakla\u015f\u0131k 20 yada 25 dakika 180 derecede \u00fczerleri k\u0131zarana kadar pi\u015firin.\"\n  },{\n    \"@type\": \"HowToStep\",\n    \"text\": \"Ay \u00e7\u00f6rekleri haz\u0131r ve s\u0131cak yada so\u011fuk servis yapabilirsiniz.\"\n  }],\n  \"aggregateRating\": {\n    \"@type\": \"AggregateRating\",\n    \"ratingValue\": \"5\",\n    \"bestRating\": \"5\",\n    \"worstRating\": \"1\",\n    \"ratingCount\": \"1\"\n  }  \n}\n<\/script>\n","protected":false},"excerpt":{"rendered":"<p>Pastanelerde ve marketlerde sat\u0131lan hem leziz hem doyurucu olan ve nefis i\u00e7 harc\u0131 ile ay \u00e7\u00f6re\u011fi tarifi sizler de evinizde yapabilir, misafirlerinize sunabilirsiniz.<\/p>\n","protected":false},"author":2,"featured_media":3069,"comment_status":"closed","ping_status":"closed","sticky":false,"template":"","format":"standard","meta":{"rank_math_lock_modified_date":false,"footnotes":""},"categories":[1],"tags":[],"class_list":["post-2055","post","type-post","status-publish","format-standard","has-post-thumbnail","hentry","category-tarifler"],"_links":{"self":[{"href":"https:\/\/www.alaybeyi.com.tr\/blog\/wp-json\/wp\/v2\/posts\/2055","targetHints":{"allow":["GET"]}}],"collection":[{"href":"https:\/\/www.alaybeyi.com.tr\/blog\/wp-json\/wp\/v2\/posts"}],"about":[{"href":"https:\/\/www.alaybeyi.com.tr\/blog\/wp-json\/wp\/v2\/types\/post"}],"author":[{"embeddable":true,"href":"https:\/\/www.alaybeyi.com.tr\/blog\/wp-json\/wp\/v2\/users\/2"}],"replies":[{"embeddable":true,"href":"https:\/\/www.alaybeyi.com.tr\/blog\/wp-json\/wp\/v2\/comments?post=2055"}],"version-history":[{"count":7,"href":"https:\/\/www.alaybeyi.com.tr\/blog\/wp-json\/wp\/v2\/posts\/2055\/revisions"}],"predecessor-version":[{"id":4452,"href":"https:\/\/www.alaybeyi.com.tr\/blog\/wp-json\/wp\/v2\/posts\/2055\/revisions\/4452"}],"wp:featuredmedia":[{"embeddable":true,"href":"https:\/\/www.alaybeyi.com.tr\/blog\/wp-json\/wp\/v2\/media\/3069"}],"wp:attachment":[{"href":"https:\/\/www.alaybeyi.com.tr\/blog\/wp-json\/wp\/v2\/media?parent=2055"}],"wp:term":[{"taxonomy":"category","embeddable":true,"href":"https:\/\/www.alaybeyi.com.tr\/blog\/wp-json\/wp\/v2\/categories?post=2055"},{"taxonomy":"post_tag","embeddable":true,"href":"https:\/\/www.alaybeyi.com.tr\/blog\/wp-json\/wp\/v2\/tags?post=2055"}],"curies":[{"name":"wp","href":"https:\/\/api.w.org\/{rel}","templated":true}]}}